[{"@context":"https:\/\/schema.org\/","@type":"Article","@id":"https:\/\/www.acnc.cz\/obal-na-mobil\/#Article","mainEntityOfPage":"https:\/\/www.acnc.cz\/obal-na-mobil\/","headline":"Obal na mobil","name":"Obal na mobil","description":"Pokud si tak\u00e9 d\u00e1v\u00e1te z\u00e1le\u017eet na va\u0161em mobiln\u00edm telefonu, tak p\u0159edpokl\u00e1d\u00e1m, \u017ee tak\u00e9 na n\u011bj budete m\u00edt n\u011bjak\u00fd obal, proto\u017ee[...]","datePublished":"2024-08-09","dateModified":"2024-08-09","author":{"@type":"Person","@id":"https:\/\/www.acnc.cz\/author\/#Person","name":"","url":"https:\/\/www.acnc.cz\/author\/","identifier":1,"image":{"@type":"ImageObject","@id":"https:\/\/secure.gravatar.com\/avatar\/087c2e57f451bc02fa8017914855d7c40cf6c7d5dc1637b868e007adc26322d1?s=96&d=mm&r=g","url":"https:\/\/secure.gravatar.com\/avatar\/087c2e57f451bc02fa8017914855d7c40cf6c7d5dc1637b868e007adc26322d1?s=96&d=mm&r=g","height":96,"width":96}},"publisher":{"@type":"Organization","name":"acnc.cz","logo":{"@type":"ImageObject","@id":"\/logo.png","url":"\/logo.png","width":600,"height":60}},"image":{"@type":"ImageObject","@id":"https:\/\/www.acnc.cz\/wp-content\/uploads\/samsung-1283938_960_720_10.jpg","url":"https:\/\/www.acnc.cz\/wp-content\/uploads\/samsung-1283938_960_720_10.jpg","height":0,"width":0},"url":"https:\/\/www.acnc.cz\/obal-na-mobil\/","about":["Byznys"],"wordCount":387,"articleBody":"   Pokud si tak\u00e9 d\u00e1v\u00e1te z\u00e1le\u017eet na va\u0161em mobiln\u00edm telefonu, tak p\u0159edpokl\u00e1d\u00e1m, \u017ee tak\u00e9 na n\u011bj budete m\u00edt n\u011bjak\u00fd obal, proto\u017ee kdy\u017e v\u00e1m potom mobiln\u00ed telefon spadne na zem, m\u016f\u017ee se rozb\u00edt. Jo m\u016f\u017eete se tak\u00e9 pod\u00edvat na webov\u00e9 str\u00e1nky ipouzdro.cz. A jsou tady nejenom pouzdra, ale i kryty a dal\u0161\u00ed obaly na mobiln\u00ed telefony, jako nap\u0159\u00edklad na iPhone 12 pro. Obal na iPhone 12 pro je opravdu pot\u0159ebn\u00fd, kdy\u017e m\u00e1te tento mobiln\u00ed telefon. J\u00e1 sama jsem si ned\u00e1vno po\u0159\u00eddila mobiln\u00ed telefon a iPhone 12 pro. A samoz\u0159ejm\u011b \u017ee nechci, aby se mi rozbil. Samoz\u0159ejm\u011b, \u017ee v\u00e1m n\u011bkdy m\u016f\u017ee jak\u00fdkoliv mobiln\u00ed telefon vypadnout z ruky. A pokud nebudete st\u00e1t na tr\u00e1v\u011b a spadne v\u00e1m na tvrdou zem, tak se m\u016f\u017ee samoz\u0159ejm\u011b hodn\u011b po\u0161kodit. D\u00e1le m\u016f\u017ee fungovat. Ale m\u016f\u017ee m\u00edt tak\u00e9 kosmetick\u00e9 chyby. A mysl\u00edm si, \u017ee by u nov\u00e9ho mobiln\u00edho telefonu nikdo necht\u011bl m\u00edt \u017e\u00e1dn\u00e9 chyby. A\u0165 u\u017e kosmetick\u00e9 vady, tak dal\u0161\u00ed vady, kter\u00e9 by zp\u016fsobovaly, \u017ee mobiln\u00ed telefon nebude fungovat. A v\u011b\u0159te, \u017ee s minul\u00fdm mobiln\u00edm telefonem se mi tohle stalo. Jednodu\u0161e mi spadl na zem a j\u00e1 jsem potom m\u011bla velik\u00e9 probl\u00e9my. Nejhor\u0161\u00ed na tom bylo, \u017ee jsem tento mobiln\u00ed telefon iPhone 12 pro m\u011bla vyp\u016fj\u010den\u00fd od m\u00e9ho bratra. Tak\u017ee samoz\u0159ejm\u011b, \u017ee jsem ho potom musela proplatit. Sice ne cel\u00fd, ale \u010d\u00e1st ano. Proto u\u017e nikdy nepodcen\u00edme obal na mobiln\u00ed telefon. A v m\u00e9m p\u0159\u00edpad\u011b hlavn\u011b ne obal na iPhone 12 pro. Nebo jak vy se zaj\u00edm\u00e1te o mobiln\u00ed telefony? Kupujete si pouzdra anebo n\u011bjak\u00e9 obaly? Na webu, kter\u00fd jsem v\u00e1m zm\u00ednila, tak tady je opravdu hodn\u011b obal\u016f a dal\u0161\u00edch kryt\u016f na mobiln\u00ed telefony. Nejenom na mobiln\u00ed telefon iPhone 12 pro, ale i na v\u0161echny dal\u0161\u00ed mobiln\u00ed telefony. A to je pr\u00e1v\u011b hodn\u011b d\u016fle\u017eit\u00e9. J\u00e1 sama bych u\u017e mobiln\u00ed telefon bez n\u011bjak\u00e9ho obalu nebo krytu necht\u011bla. M\u011bla bych velik\u00e9 obavy, \u017ee mi zase spadne na zem a zase se rozbije. A to nikdo nechce!                                                                                                                                                                                                                                                                                                                                                                                           4.2\/5 - (9 votes)        "},{"@context":"https:\/\/schema.org\/","@type":"BreadcrumbList","itemListElement":[{"@type":"ListItem","position":1,"name":"Obal na mobil","item":"https:\/\/www.acnc.cz\/obal-na-mobil\/#breadcrumbitem"}]}]